{"id":853,"date":"2011-01-26T17:32:35","date_gmt":"2011-01-26T15:32:35","guid":{"rendered":"http:\/\/lehrerrundmail.de\/wordpress\/?p=818"},"modified":"2011-01-26T17:32:35","modified_gmt":"2011-01-26T15:32:35","slug":"medienkompetenz-entwickeln-und-fordern","status":"publish","type":"post","link":"https:\/\/lehrerrundmail.de\/wordpress\/2011\/medienkompetenz-entwickeln-und-fordern\/","title":{"rendered":"Medienkompetenz entwickeln und f\u00f6rdern"},"content":{"rendered":"<p><img loading=\"lazy\" decoding=\"async\" src=\"http:\/\/www.lehrerrundmail.de\/wordpress\/wp-content\/images\/test-medienkompetenzentwickeln-300x193.jpg\" alt=\"Medienkompetenz entwickeln und f\u00f6rdern von Anfang an \" title=\"Medienkompetenz entwickeln und f\u00f6rdern von Anfang an \" width=\"300\" height=\"193\" class=\"alignright size-medium wp-image-819\" \/>&#8222;Medienkompetenz entwickeln und f\u00f6rdern von Anfang&#8220; an hei\u00dft die Materialsammlung aus dem <a href=\"http:\/\/www.brigg-paedagogik.de\/Paedagogik\/Medienkompetenz-entwickeln-und-foerdern-von-Anfang-an.html\">Brigg-Verlag<\/a>, die die bayerischen <a href=\"http:\/\/www.mib-bayern.de\/\">F\u00f6rderschul-MIBs<\/a> zusammengestellt und herausgegeben haben.<!--more--><br \/>\nDas Begleitbuch ist \u2013 hat man die Logik mal verstanden \u2013 in sich schl\u00fcssig aufgebaut und beginnt in der Vorschule und endet in der Oberstufe, d.h. bei der Klassenstufe 7-9. F\u00fcr jede einzelne Stufe finden sich praxiserprobte Unterrichtsideen samt Arbeitsbl\u00e4ttern, Bildern, Fotos, Audiodateien und Beispielfilme zu den Kompetenzbereichen:<\/p>\n<ul>\n<li>Medieneinfl\u00fcsse erkennen und aufarbeiten<\/li>\n<li>Medienbotschaften verstehen und bewerten<\/li>\n<li>Medienangebote ausw\u00e4hlen und nutzen<\/li>\n<li>Medien selbst gestalten und verbreiten<\/li>\n<li>Medien analysieren<\/li>\n<\/ul>\n<p>Auf der beiliegenden CD sind alle Materialien in digitaler Form versammelt, die man braucht, um m\u00f6glichst ohne Verz\u00f6gerung mit der Umsetzung der Unterrichtsbausteine zu starten.<br \/>\nAllesamt zeigen die vorbereiteten Einheiten einen hohen Praxisbezug. Man merkt den Materialien und Konzepten an, dass sie aus der Hand erfahrener Medienp\u00e4dagogen stammen. Um so erstaunlicher ist der verwirrende Aufbau des Begleitbuchs. So stehen zahlreiche Arbeitsbl\u00e4tter zu Beginn eines Kompetenzbereiches in vergr\u00f6\u00dferter und daher unvollst\u00e4ndiger Form, um ganz am Ende des Buches bei den Kopiervorlagen noch einmal in richtiger Gr\u00f6\u00dfe aufzutauchen. Ob Kopiervorlagen in einem Buch mit beiliegender DVD \u00fcberhaupt noch zeitgem\u00e4\u00df sind, sei dahingestellt. W\u00e4hrend die Gliederung nach Klassenstufen optisch sehr einfach durch ihre Gr\u00f6\u00dfe und Anordnung zu erfassen ist, darf man den gerade behandelten Kompetenzbereich nahe des Bundstegs hochkant suchen. Auf dem weitaus besseren Platz an der oberen Au\u00dfenkante jeder Seite wiederholt sich Seite f\u00fcr Seite der Buchtitel. Besser also, gleich mit der DVD zu arbeiten, deren Navigation weitaus besser gelungen ist als der gedruckte Part der Materialsammlung, die f\u00fcr Grund-, Haupt- und F\u00f6rderschulen gleicherma\u00dfen interessant sein d\u00fcrfte.<\/p>\n<p><em>Titel:<\/em> Medienkompetenz entwickeln und f\u00f6rdern von Anfang an<br \/>\n132 S., DIN A4 quer, Spiralbindung, mit DVD<br \/>\n<em>ISBN:<\/em> 978-3-87101-530-4<br \/>\n<em>Preis:<\/em> 32,80 EUR<\/p>\n<p><a href=\"http:\/\/www.brigg-paedagogik.de\/Paedagogik\/Medienkompetenz-entwickeln-und-foerdern-von-Anfang-an.html\">Bestellen beim Brigg-Verlag<\/a><br \/>\n<a href=\"http:\/\/www.amazon.de\/exec\/obidos\/ASIN\/387101530X\/lehrerrundmai-21\">Bestellen bei Amazon<\/a><\/p>","protected":false},"excerpt":{"rendered":"<p>&#8222;Medienkompetenz entwickeln und f\u00f6rdern von Anfang&#8220; an hei\u00dft die Materialsammlung aus dem Brigg-Verlag, die die bayerischen F\u00f6rderschul-MIBs zusammengestellt und herausgegeben haben.<\/p>\n","protected":false},"author":1,"featured_media":875,"comment_status":"open","ping_status":"open","sticky":false,"template":"","format":"standard","meta":{"footnotes":""},"categories":[19,26],"tags":[92,257,267,319,333,8,472,476,765],"class_list":["post-853","post","type-post","status-publish","format-standard","has-post-thumbnail","hentry","category-bucher","category-medien","tag-audio","tag-film","tag-forderschule","tag-grundschule","tag-hauptschule","tag-internet","tag-medien","tag-medienpadagogik","tag-unterricht"],"_links":{"self":[{"href":"https:\/\/lehrerrundmail.de\/wordpress\/wp-json\/wp\/v2\/posts\/853","targetHints":{"allow":["GET"]}}],"collection":[{"href":"https:\/\/lehrerrundmail.de\/wordpress\/wp-json\/wp\/v2\/posts"}],"about":[{"href":"https:\/\/lehrerrundmail.de\/wordpress\/wp-json\/wp\/v2\/types\/post"}],"author":[{"embeddable":true,"href":"https:\/\/lehrerrundmail.de\/wordpress\/wp-json\/wp\/v2\/users\/1"}],"replies":[{"embeddable":true,"href":"https:\/\/lehrerrundmail.de\/wordpress\/wp-json\/wp\/v2\/comments?post=853"}],"version-history":[{"count":0,"href":"https:\/\/lehrerrundmail.de\/wordpress\/wp-json\/wp\/v2\/posts\/853\/revisions"}],"wp:featuredmedia":[{"embeddable":true,"href":"https:\/\/lehrerrundmail.de\/wordpress\/wp-json\/wp\/v2\/media\/875"}],"wp:attachment":[{"href":"https:\/\/lehrerrundmail.de\/wordpress\/wp-json\/wp\/v2\/media?parent=853"}],"wp:term":[{"taxonomy":"category","embeddable":true,"href":"https:\/\/lehrerrundmail.de\/wordpress\/wp-json\/wp\/v2\/categories?post=853"},{"taxonomy":"post_tag","embeddable":true,"href":"https:\/\/lehrerrundmail.de\/wordpress\/wp-json\/wp\/v2\/tags?post=853"}],"curies":[{"name":"wp","href":"https:\/\/api.w.org\/{rel}","templated":true}]}}