{"id":2446,"date":"2015-05-18T17:58:26","date_gmt":"2015-05-18T15:58:26","guid":{"rendered":"http:\/\/lehrerrundmail.de\/wordpress\/?p=2446"},"modified":"2015-05-18T17:58:26","modified_gmt":"2015-05-18T15:58:26","slug":"der-zweite-weltkrieg-in-einer-animierten-serie","status":"publish","type":"post","link":"https:\/\/lehrerrundmail.de\/wordpress\/2015\/der-zweite-weltkrieg-in-einer-animierten-serie\/","title":{"rendered":"Der zweite Weltkrieg in einer animierten Serie"},"content":{"rendered":"<p><figure id=\"attachment_2447\" aria-describedby=\"caption-attachment-2447\" style=\"width: 300px\" class=\"wp-caption alignright\"><img loading=\"lazy\" decoding=\"async\" src=\"http:\/\/lehrerrundmail.de\/wordpress\/wp-content\/uploads\/2015\/05\/e0f34a910c1-300x169.jpg\" alt=\" &quot;Die langen gro\u00dfen Ferien&quot;. Copyright: ZDF\/Les Armateurs, Blue Spirit Studio\" width=\"300\" height=\"169\" class=\"size-medium wp-image-2447\" srcset=\"https:\/\/lehrerrundmail.de\/wordpress\/wp-content\/uploads\/2015\/05\/e0f34a910c1-300x169.jpg 300w, https:\/\/lehrerrundmail.de\/wordpress\/wp-content\/uploads\/2015\/05\/e0f34a910c1-180x101.jpg 180w, https:\/\/lehrerrundmail.de\/wordpress\/wp-content\/uploads\/2015\/05\/e0f34a910c1-260x146.jpg 260w, https:\/\/lehrerrundmail.de\/wordpress\/wp-content\/uploads\/2015\/05\/e0f34a910c1-373x210.jpg 373w, https:\/\/lehrerrundmail.de\/wordpress\/wp-content\/uploads\/2015\/05\/e0f34a910c1-120x67.jpg 120w, https:\/\/lehrerrundmail.de\/wordpress\/wp-content\/uploads\/2015\/05\/e0f34a910c1.jpg 676w\" sizes=\"auto, (max-width: 300px) 100vw, 300px\" \/><figcaption id=\"caption-attachment-2447\" class=\"wp-caption-text\">&#8222;Die langen gro\u00dfen Ferien&#8220;. Copyright: ZDF\/Les Armateurs, Blue Spirit Studio<\/figcaption><\/figure>&#8222;<a href=\"http:\/\/www.tivi.de\/fernsehen\/die-langen-grossen-ferien\/start\/index.html\">Die langen gro\u00dfen Ferien<\/a>&#8220; ist der Titel einer 10-teiligen Animationsserie, die momentan auf Kika gezeigt wird und dort auch in der <a href=\"http:\/\/www.tivi.de\/mediathek\/channel.html?data=%2FtiviVideos%2Fkanal%2F232324%2F2383962%3Fview%3DflashXml\">Mediathek<\/a> verf\u00fcgbar ist. Die Serie spielt 1939 in Frankreich. Das M\u00e4dchen Colette (6) und ihr Bruder Ernest (10) fahren mit ihren Eltern aufs Land zu den Gro\u00dfeltern, um in der Normandie ein paar Ferientage zu verbringen. In diese Tage voller Abenteuer platzt die Nachricht vom Kriegsbeginn in Europa. Als der Vater in den Krieg ziehen muss und die kranke Mutter in ein Sanatorium in die Schweiz geht, zeichnet sich ab, dass die Kinder l\u00e4nger bei ihren Gro\u00dfeltern an der franz\u00f6sischen K\u00fcste bleiben werden als geplant.<br \/>\nMit Fortschreiten des Krieges spiegeln sich die Folgen des Krieges immer deutlicher im Alltag der Kinder. Durch den Blick der Kinder werden die Besetzung des Dorfes durch deutsche Soldaten, die Rationierung von Essen, das Auseinanderrei\u00dfen der Familien und die Judenverfolgung erz\u00e4hlt. Die Kinder lernen den Widerstand in der R\u00e9sistance kennen und auch die Landung der Alliierten wird in der Serie thematisiert.<br \/>\nNeben den einzelnen Episoden bieten die Seiten von ZDFtivi noch Begleitmaterialien zu der Serie an. Neben didaktisch und methodischen <a href=\"http:\/\/www.tivi.de\/imperia\/md\/content\/pdf\/dielangengrossenferien\/zdf_paedagogen_web.pdf\">Hinweisen f\u00fcr Lehrer<\/a> (und in einem <a href=\"http:\/\/www.tivi.de\/imperia\/md\/content\/pdf\/dielangengrossenferien\/zdf_eltern_web.pdf\">Extradokument auch f\u00fcr Eltern<\/a>) steht ein <a href=\"http:\/\/www.tivi.de\/imperia\/md\/content\/pdf\/dielangengrossenferien\/die-langen-grossen-ferien-mini-lexikon.pdf\">Minilexikon<\/a> mit Erl\u00e4uterungen zu den wichtigsten Begriffen der Sendung zur Verf\u00fcgung. In weiteren <a href=\"http:\/\/modul.tivi.de\/lgf-zeitzeugenberichte\/\">animierten Kurzfilmen<\/a> erz\u00e4hlen Zeitzeugen, welche Erfahrungen sie als Kinder im zweiten Weltkrieg gemacht haben. Diese biographischen Erlebnisse wurden auch in der Handlung der Serie verarbeitet.<br \/>\nMit ihrer Gesamtl\u00e4nge von 3 3\/4 Stunden ist die gesamte Serie leider nur bedingt in den Geschichtsunterricht einplanbar. Greift man nur einzelne Episoden oder Versatzst\u00fccke heraus, zerrei\u00dft leicht der Erz\u00e4hlfaden, der sich durch die Serie zieht. Zumindest der Anfang der Serie (weiter bin ich selbst noch nicht gekommen) erscheint mir jedoch so packend erz\u00e4hlt, dass es vielleicht doch einen Versuch wert ist, das ganze Material im Unterricht anzusehen und zu vertiefen. Nachdem der zweite Weltkrieg in meiner Klasse nach den Pfingsferien auf dem Programm steht, werde ich bald live dazu berichten k\u00f6nnen&#8230;<\/p>","protected":false},"excerpt":{"rendered":"<p>&#8222;Die langen gro\u00dfen Ferien&#8220; ist der Titel einer 10-teiligen Animationsserie, die momentan auf Kika gezeigt wird und dort auch in der Mediathek verf\u00fcgbar ist. Die Serie spielt 1939 in Frankreich. Das M\u00e4dchen Colette (6) und<\/p>\n","protected":false},"author":1,"featured_media":2447,"comment_status":"open","ping_status":"open","sticky":false,"template":"","format":"standard","meta":{"footnotes":""},"categories":[40,26],"tags":[861,257,298,860,765,859],"class_list":["post-2446","post","type-post","status-publish","format-standard","has-post-thumbnail","hentry","category-gse-al","category-medien","tag-animationsfilm","tag-film","tag-geschichte","tag-serie","tag-unterricht","tag-zweiter-weltkrieg"],"_links":{"self":[{"href":"https:\/\/lehrerrundmail.de\/wordpress\/wp-json\/wp\/v2\/posts\/2446","targetHints":{"allow":["GET"]}}],"collection":[{"href":"https:\/\/lehrerrundmail.de\/wordpress\/wp-json\/wp\/v2\/posts"}],"about":[{"href":"https:\/\/lehrerrundmail.de\/wordpress\/wp-json\/wp\/v2\/types\/post"}],"author":[{"embeddable":true,"href":"https:\/\/lehrerrundmail.de\/wordpress\/wp-json\/wp\/v2\/users\/1"}],"replies":[{"embeddable":true,"href":"https:\/\/lehrerrundmail.de\/wordpress\/wp-json\/wp\/v2\/comments?post=2446"}],"version-history":[{"count":1,"href":"https:\/\/lehrerrundmail.de\/wordpress\/wp-json\/wp\/v2\/posts\/2446\/revisions"}],"predecessor-version":[{"id":2448,"href":"https:\/\/lehrerrundmail.de\/wordpress\/wp-json\/wp\/v2\/posts\/2446\/revisions\/2448"}],"wp:featuredmedia":[{"embeddable":true,"href":"https:\/\/lehrerrundmail.de\/wordpress\/wp-json\/wp\/v2\/media\/2447"}],"wp:attachment":[{"href":"https:\/\/lehrerrundmail.de\/wordpress\/wp-json\/wp\/v2\/media?parent=2446"}],"wp:term":[{"taxonomy":"category","embeddable":true,"href":"https:\/\/lehrerrundmail.de\/wordpress\/wp-json\/wp\/v2\/categories?post=2446"},{"taxonomy":"post_tag","embeddable":true,"href":"https:\/\/lehrerrundmail.de\/wordpress\/wp-json\/wp\/v2\/tags?post=2446"}],"curies":[{"name":"wp","href":"https:\/\/api.w.org\/{rel}","templated":true}]}}