{"id":1095,"date":"2011-09-07T19:37:30","date_gmt":"2011-09-07T18:37:30","guid":{"rendered":"http:\/\/lehrerrundmail.de\/wordpress\/?p=1095"},"modified":"2011-09-07T19:37:30","modified_gmt":"2011-09-07T18:37:30","slug":"einfuhlsam-statt-gewaltsam","status":"publish","type":"post","link":"https:\/\/lehrerrundmail.de\/wordpress\/2011\/einfuhlsam-statt-gewaltsam\/","title":{"rendered":"Einf\u00fchlsam statt gewaltsam"},"content":{"rendered":"<p>Barbara Mollet ist die Autorin zweier B\u00fccher, die es sich zum Ziel gesetzt haben, Gewaltlosigkeit und soziale bzw. emotionale Kompetenz in der Schule zu f\u00f6rdern. Die beiden B\u00e4nde richten sich vor allem an Grund- und F\u00f6rderschulen, lassen sich sicherlich auch in der Hauptschule einsetzen.<br \/>\nBand 1 von &#8222;Einf\u00fchlsam statt gewaltsam&#8220; liefert die Sachanalysen, die didaktischen \u00dcberlegungen und zumeist den grob skizzierten Verlauf einer jeden Einheit. Im Band 2 finden sich Arbeitsbl\u00e4tter, K\u00e4rtchen, Fotos, Zeichnungen und mitunter Arbeitsanweisungen als meist farbige Kopiervorlage. Hier fallen die farbigen Markierungen der \u00dcberschriften positiv auf, anhand derer sich die drei Schwierigkeitsgrade auf einen Blick unterscheiden lassen. Beide B\u00e4nde lassen sich sinnvoll nur gemeinsam nutzen, da die Kopiervorlagen ohne die Erl\u00e4uterungen aus Band 1 nicht immer sinnvoll zu gebrauchen sind.<!--more--><br \/>\n<img loading=\"lazy\" decoding=\"async\" src=\"http:\/\/lehrerrundmail.de\/wordpress\/wp-content\/uploads\/2011\/09\/presse-einfuehlsamstattgewaltsam-300x211.jpg\" alt=\"Einf\u00fchlsam statt gewaltsam\" title=\"Einf\u00fchlsam statt gewaltsam\" width=\"300\" height=\"211\" class=\"alignright size-medium wp-image-1096\" srcset=\"https:\/\/lehrerrundmail.de\/wordpress\/wp-content\/uploads\/2011\/09\/presse-einfuehlsamstattgewaltsam-300x211.jpg 300w, https:\/\/lehrerrundmail.de\/wordpress\/wp-content\/uploads\/2011\/09\/presse-einfuehlsamstattgewaltsam.jpg 806w\" sizes=\"auto, (max-width: 300px) 100vw, 300px\" \/>Barbara Mollet gelingt es gut, das komplexe Feld des Sozialen Lernens strukturiert aufzubereiten. So sind die einzelnen Module der beiden gro\u00dfen Teile des Buchs sinnvoll gegliedert. Zuerst werden Grundbed\u00fcrfnisse und Gef\u00fchle erarbeitet und mittels eines emphatischen Ansatzes den Sch\u00fclern vermittelt. Teil 2 widmet sich den Konflikten und wie die Sch\u00fcler lernen k\u00f6nnen, sinnvoll damit umzugehen. Anhand der Symboltiere Wolf und Giraffe schulen die Sch\u00fclerinnen in Rollenspielen ihre Selbst- und Fremdwahrnehmung.<br \/>\nIn der praktischen Arbeit mit den beiden B\u00e4nden von &#8222;Einf\u00fchlsam statt gewaltsam&#8220; tauchen zwei Probleme auf, f\u00fcr die vermutlich der Schneider Verlag Hohengehren, der die B\u00fccher verlegt, verantwortlich sein d\u00fcrfte. Die an sich logische Gliederung in Module und Untereinheiten wird keinerlei grafisch repr\u00e4sentiert. Die \u00dcberschriften heben sich nur wenig vom Text ab und auch die \u00dcberschriften verschiedener Ordnung sind nur schwer zu unterscheiden. Besonders beim h\u00e4ufigen Hin- und Herbl\u00e4ttern, was bei der Trennung in Didaktik- und Materialband kaum zu vermeiden ist, f\u00e4llt die schnelle Orientierung oftmals schwer. Der komplette Satz der B\u00fccher wirkt so, als sei es in der Standardformatvorlage von Word entstanden und zum Drucken leider nicht mehr ver\u00e4ndert worden &#8211; an sich schade, wenn ein gelungener Inhalt durch die \u00e4u\u00dfere Form so leiden muss.<br \/>\nWeitaus kritikw\u00fcrdiger scheint mit pers\u00f6nlich allerdings noch die Form der Materialsammlung. In dem Buch, das etwas gr\u00f6\u00dfer als das DIN A 5-Format ist, finden sich alle Fotos, Bilder und Arbeitsbl\u00e4tter zur jeweiligen Einheit. Leider ist auch das Layout der Arbeitsbl\u00e4tter sehr Times-New-Roman-lastig und nicht durch Rahmen, Kopfzeilen o.\u00e4. strukturiert. Die Fotos sind allesamt klein und mitunter schon in dieser Gr\u00f6\u00dfe recht grobpixelig. Im Zeitalter digitaler Medien auch bzw. gerade im Unterricht erscheint es mir v\u00f6llig unverst\u00e4ndlich, warum die Materialsammlung nicht digital ver\u00f6ffentlicht wurde. So h\u00e4tte eine dem ersten Band beigelegte CD bzw. DVD einen weitaus h\u00f6heren Nutzwert f\u00fcr die praktische Unterrichtsvorbereitung, als ein nur schwer zu kopierendes Buch, dessen Texte dann vermutlich doch wieder abgetippt und neu ausgedruckt bei den Sch\u00fclern landen.<br \/>\nSollte sich der Schneider Verlag dazu durchringen, die Materialien nachtr\u00e4glich online zu ver\u00f6ffentlichen und zur Nachbearbeitung durch den Verwender freizugeben, so geb\u00fchrte im mein gro\u00dfer Dank und eine eindeutige Kaufempfehlung f\u00fcr das dazugeh\u00f6rige Buch.<\/p>\n<p><strong>Einf\u00fchlsam statt Gewaltsam<\/strong><br \/>\n<em>Autorin: Mollet, Barbara<br \/>\nISBN: 978-3-8340-0869-5<br \/>\nPreis: 29,80 EUR (beide B\u00e4nde)<\/em><br \/>\nzu bestellen beim <a href=\"http:\/\/www.paedagogik.de\/index.php?m=wd&#038;wid=2106\" target=\"_blank\">Schneider Verlag<\/a> oder bei <a href=\"http:\/\/www.amazon.de\/gp\/product\/3834008699\/ref=as_li_ss_tl?ie=UTF8&#038;tag=lehrerrundmai-21&#038;linkCode=as2&#038;camp=1638&#038;creative=19454&#038;creativeASIN=3834008699\" target=\"_blank\">Amazon<\/a><\/p>","protected":false},"excerpt":{"rendered":"<p>Barbara Mollet ist die Autorin zweier B\u00fccher, die es sich zum Ziel gesetzt haben, Gewaltlosigkeit und soziale bzw. emotionale Kompetenz in der Schule zu f\u00f6rdern. Die beiden B\u00e4nde richten sich vor allem an Grund- und F\u00f6rderschulen, lassen sich sicherlich auch in der Hauptschule einsetzen.<br \/>\nBand 1 von &#8222;Einf\u00fchlsam statt gewaltsam&#8220; liefert die Sachanalysen, die didaktischen \u00dcberlegungen und zumeist den grob skizzierten Verlauf einer jeden Einheit. Im Band 2 finden sich Arbeitsbl\u00e4tter, K\u00e4rtchen, Fotos, Zeichnungen und mitunter Arbeitsanweisungen als meist farbige Kopiervorlage.<\/p>\n","protected":false},"author":1,"featured_media":1096,"comment_status":"open","ping_status":"open","sticky":false,"template":"","format":"standard","meta":{"footnotes":""},"categories":[19,49,30],"tags":[224,267,301,319,693,694],"class_list":["post-1095","post","type-post","status-publish","format-standard","has-post-thumbnail","hentry","category-bucher","category-soziales-lernen","category-tests-rezensionen","tag-emotionale-kompetenz","tag-forderschule","tag-gewalt","tag-grundschule","tag-soziale-kompetenz","tag-soziales-lernen"],"_links":{"self":[{"href":"https:\/\/lehrerrundmail.de\/wordpress\/wp-json\/wp\/v2\/posts\/1095","targetHints":{"allow":["GET"]}}],"collection":[{"href":"https:\/\/lehrerrundmail.de\/wordpress\/wp-json\/wp\/v2\/posts"}],"about":[{"href":"https:\/\/lehrerrundmail.de\/wordpress\/wp-json\/wp\/v2\/types\/post"}],"author":[{"embeddable":true,"href":"https:\/\/lehrerrundmail.de\/wordpress\/wp-json\/wp\/v2\/users\/1"}],"replies":[{"embeddable":true,"href":"https:\/\/lehrerrundmail.de\/wordpress\/wp-json\/wp\/v2\/comments?post=1095"}],"version-history":[{"count":0,"href":"https:\/\/lehrerrundmail.de\/wordpress\/wp-json\/wp\/v2\/posts\/1095\/revisions"}],"wp:featuredmedia":[{"embeddable":true,"href":"https:\/\/lehrerrundmail.de\/wordpress\/wp-json\/wp\/v2\/media\/1096"}],"wp:attachment":[{"href":"https:\/\/lehrerrundmail.de\/wordpress\/wp-json\/wp\/v2\/media?parent=1095"}],"wp:term":[{"taxonomy":"category","embeddable":true,"href":"https:\/\/lehrerrundmail.de\/wordpress\/wp-json\/wp\/v2\/categories?post=1095"},{"taxonomy":"post_tag","embeddable":true,"href":"https:\/\/lehrerrundmail.de\/wordpress\/wp-json\/wp\/v2\/tags?post=1095"}],"curies":[{"name":"wp","href":"https:\/\/api.w.org\/{rel}","templated":true}]}}